{"id":2679,"date":"2019-07-18T15:22:38","date_gmt":"2019-07-18T13:22:38","guid":{"rendered":"https:\/\/www.hinelson.com\/blog\/?p=2679"},"modified":"2022-09-20T12:12:49","modified_gmt":"2022-09-20T10:12:49","slug":"barcolana-2019","status":"publish","type":"post","link":"https:\/\/www.hinelson.com\/blog\/barcolana-2019\/","title":{"rendered":"Barcolana 2019. Trieste e la sua regata diventano internazionali."},"content":{"rendered":"<p>Ogni anno la <strong>Barcalona<\/strong> stupisce ed incanta.<br \/>\nLa regata organizzata dalla <strong>Societ\u00e0 Velica di Barcola e Grignano<\/strong>, da mezzo secolo \u00e8 l\u2019evento velico italiano pi\u00f9 conosciuto, anche all\u2019estero, capace di coinvolgere migliaia di appassionati, velisti, professionisti, famiglie, gruppi di amici, sailing team.<br \/>\nL\u2019edizione 2018 della regata Adriatica, che ha festeggiato le 50 candeline, ha poi segnato l\u2019entrata della <strong>Barcolana nei Guinness dei Primati<\/strong> come <strong>\u201cThe largest sailing race in the world\u201d<\/strong> con oltre 2.600 barche partecipanti.<\/p>\n<p><strong>L\u2019edizione 2019<\/strong> \u00e8 stata annunciata con la consueta conferenza stampa a Milano dove \u00e8 stato presentato il manifesto della <strong>51esima edizion<\/strong>e, che si svolger\u00e0 a <strong>Trieste il 13 ottobre prossimo.<\/strong><br \/>\nLa direzione artistica dell\u2019evento \u00e8 affidata a <strong>illycaff\u00e8<\/strong> che per quest\u2019anno ha scelto l\u2019illustratrice <strong>Olimpia Zagnoli.<\/strong><\/p>\n<p><img loading=\"lazy\" decoding=\"async\" class=\"aligncenter wp-image-2681 size-large\" src=\"https:\/\/www.hinelson.com\/blog\/wp-content\/uploads\/2019\/06\/feee6106-3795-45f9-b73b-8fac184ae742-731x1024.jpg\" alt=\"Barcolana, regate mar adriatico regata barca a vela\" width=\"731\" height=\"1024\" srcset=\"https:\/\/www.hinelson.com\/blog\/wp-content\/uploads\/2019\/06\/feee6106-3795-45f9-b73b-8fac184ae742-731x1024.jpg 731w, https:\/\/www.hinelson.com\/blog\/wp-content\/uploads\/2019\/06\/feee6106-3795-45f9-b73b-8fac184ae742-214x300.jpg 214w, https:\/\/www.hinelson.com\/blog\/wp-content\/uploads\/2019\/06\/feee6106-3795-45f9-b73b-8fac184ae742-768x1075.jpg 768w, https:\/\/www.hinelson.com\/blog\/wp-content\/uploads\/2019\/06\/feee6106-3795-45f9-b73b-8fac184ae742-200x280.jpg 200w, https:\/\/www.hinelson.com\/blog\/wp-content\/uploads\/2019\/06\/feee6106-3795-45f9-b73b-8fac184ae742-400x560.jpg 400w, https:\/\/www.hinelson.com\/blog\/wp-content\/uploads\/2019\/06\/feee6106-3795-45f9-b73b-8fac184ae742-600x840.jpg 600w, https:\/\/www.hinelson.com\/blog\/wp-content\/uploads\/2019\/06\/feee6106-3795-45f9-b73b-8fac184ae742-800x1120.jpg 800w, https:\/\/www.hinelson.com\/blog\/wp-content\/uploads\/2019\/06\/feee6106-3795-45f9-b73b-8fac184ae742-1200x1680.jpg 1200w, https:\/\/www.hinelson.com\/blog\/wp-content\/uploads\/2019\/06\/feee6106-3795-45f9-b73b-8fac184ae742.jpg 1417w\" sizes=\"auto, (max-width: 731px) 100vw, 731px\" \/><\/p>\n<p>L\u2019immagine del <strong>manifesto 2019 rappresenta il Golfo di Trieste e il suo Castello di Miramare<\/strong> catturati nel momento della partenza della regata. Il fiore in primo piano, spiega Olimpia Zagnoli, simboleggia la bellezza e la fragilit\u00e0 del nostro mare che ha bisogno di essere salvaguardato e protetto, altro messaggio importante di questa 51esima edizione della Barcalana.<\/p>\n<p>Il fiore rimanda anche alla poesia di <strong>Umberto Saba<\/strong> dove descrive Trieste come una citt\u00e0 dalla scontrosa grazia, paragonandola a \u201cun ragazzaccio aspro e vorace, con gli occhi azzurri e mani troppo grandi per regalare un fiore\u201d.<\/p>\n<p><strong>Barcolana \u00e8 un evento velico sportivo ma \u00e8 soprattutto un evento che coinvolge il territorio e Trieste.<\/strong> Sono tanti gli appuntamenti inseriti nel calendario che portano a scoprire la citt\u00e0, il territorio, le eccellenze e le tradizioni. Come tanti sono gli appuntamenti che portano lo sport della vela nella citt\u00e0.<\/p>\n<h2><strong>Ecco il programma. <\/strong><\/h2>\n<p>4 Ottobre \u2013 Apertura dell\u2019Evento &#8211; Inaugurazione della mostra \u201cScart\u201d e Presentazione #Unplastic Trieste<br \/>\n4-6 Ottobre, in mare &#8211; Lega Italiana Vela (Italian Sailing League) under 19 (J70)<br \/>\n5-13 Ottobre &#8211; Trieste Seafront e Piazza Unit\u00e0 &#8211; Villaggio Barcolana 51<br \/>\n5-6 Ottobre, in mare &#8211; Barcolana Young (Optimist)<br \/>\n5-6 Ottobre &#8211; Barcolana Chef<br \/>\n6 Ottobre, in mare &#8211; Barcolana Nuota (gara di nuoto in acque libere)<br \/>\n11 Ottobre, in mare &#8211; Collio Cup (J70), Barcolana Fine Art Sails, Regata Armatori Lega Navale Italiana<br \/>\n12 Ottobre, in mare &#8211; Barcolana by Night (Meteor e Ufo), Barcolana Classic (Barche d\u2019epoca), Go to Barcolana from Slovenia<br \/>\n13 Ottobre, in mare &#8211; Barcolana51 (partenza alle 10.30)<\/p>\n<p><img loading=\"lazy\" decoding=\"async\" class=\"aligncenter wp-image-2682 size-large\" src=\"https:\/\/www.hinelson.com\/blog\/wp-content\/uploads\/2019\/06\/BARCOLANA-2-1024x614.jpg\" alt=\"Barcolana 2019, regata barca a vela, regate Mar Adriatico\" width=\"1024\" height=\"614\" srcset=\"https:\/\/www.hinelson.com\/blog\/wp-content\/uploads\/2019\/06\/BARCOLANA-2-1024x614.jpg 1024w, https:\/\/www.hinelson.com\/blog\/wp-content\/uploads\/2019\/06\/BARCOLANA-2-300x180.jpg 300w, https:\/\/www.hinelson.com\/blog\/wp-content\/uploads\/2019\/06\/BARCOLANA-2-768x461.jpg 768w, https:\/\/www.hinelson.com\/blog\/wp-content\/uploads\/2019\/06\/BARCOLANA-2-200x120.jpg 200w, https:\/\/www.hinelson.com\/blog\/wp-content\/uploads\/2019\/06\/BARCOLANA-2-400x240.jpg 400w, https:\/\/www.hinelson.com\/blog\/wp-content\/uploads\/2019\/06\/BARCOLANA-2-600x360.jpg 600w, https:\/\/www.hinelson.com\/blog\/wp-content\/uploads\/2019\/06\/BARCOLANA-2-800x480.jpg 800w, https:\/\/www.hinelson.com\/blog\/wp-content\/uploads\/2019\/06\/BARCOLANA-2-1200x720.jpg 1200w\" sizes=\"auto, (max-width: 1024px) 100vw, 1024px\" \/><\/p>\n<p><strong>Barcolana<\/strong> oggi diventa anche un importante collegamento con l\u2019Inghilterra ed a Londra si \u00e8 presentata per la prima tappa del proprio roadshow internazionale.<\/p>\n<p>Nella cornice dell\u2019ambasciata d\u2019Italia a Londra,\u00a0<strong>Barcolana<\/strong> con illycaff\u00e8, Musement, PromoTurismo FVG, Consorzio dei vini del Collio hanno <strong>annunciato uno storico accordo con l\u2019Island Sailing Club<\/strong>, il circolo velico che organizza la prestigiosa <strong>Round the Island Race a Cowes<\/strong>, alla presenza dell\u2019ambasciatore S.E. Raffaele Trombetta.<br \/>\nUn obiettivo importante per <strong>Barcolana<\/strong> \u00e8 infatti sviluppare un circuito internazionale di regate collaborando con l\u2019Inghilterra.<\/p>\n<p><iframe loading=\"lazy\" style=\"border: none; overflow: hidden;\" src=\"https:\/\/www.facebook.com\/plugins\/video.php?href=https%3A%2F%2Fwww.facebook.com%2FRegataBarcolana%2Fvideos%2F2393042084248517%2F&amp;show_text=0&amp;width=560\" width=\"560\" height=\"315\" frameborder=\"0\" scrolling=\"no\" allowfullscreen=\"allowfullscreen\"><\/iframe><\/p>\n<p>A dimostrazione di questa nuova relazione con la Gran Bretagna \u00e8 <strong>Dee Caffari<\/strong>, velista oceanica, scelta come <strong>testimonial inglese della 51esima edizione della Barcolana<\/strong>.<br \/>\nIl gemellaggio con l\u2019Island Sailing Club diventer\u00e0 un vero e proprio scambio su campi di regata. Un gruppo di giovanissimi velisti della Societ\u00e0 Velica di Barcola e Grignano parteciper\u00e0 a fine giugno alla Round the Island Race of Cowes e ad ottobre un equipaggio inglese sar\u00e0 presente sulla linea di partenza a Trieste per la Barcolana.<\/p>\n<p><strong>Barcolana dimostra ogni anno la voglia di crescere, continuando a portare i valori del mare e dello sport proprio come fecero 51 anni fa, le 47 barche iscritte alla prima edizione.<\/strong><\/p>\n<p><iframe loading=\"lazy\" style=\"border: none; overflow: hidden;\" src=\"https:\/\/www.facebook.com\/plugins\/video.php?href=https%3A%2F%2Fwww.facebook.com%2FRegataBarcolana%2Fvideos%2F179704066275140%2F&amp;show_text=0&amp;width=560\" width=\"560\" height=\"315\" frameborder=\"0\" scrolling=\"no\" allowfullscreen=\"allowfullscreen\"><span data-mce-type=\"bookmark\" style=\"display: inline-block; width: 0px; overflow: hidden; line-height: 0;\" class=\"mce_SELRES_start\">\ufeff<\/span><\/iframe><\/p>\n","protected":false},"excerpt":{"rendered":"<p>Ogni anno la Barcalona stupisce ed incanta. La regata organizzata dalla Societ\u00e0 Velica di Barcola e Grignano, da mezzo secolo \u00e8 l\u2019evento velico italiano pi\u00f9 conosciuto, anche all\u2019estero, capace di coinvolgere migliaia di appassionati, velisti, professionisti, famiglie, gruppi di amici, sailing team. L\u2019edizione 2018 della regata Adriatica, che ha festeggiato le 50 candeline, ha poi [&hellip;]<\/p>\n","protected":false},"author":6,"featured_media":2680,"comment_status":"open","ping_status":"open","sticky":false,"template":"","format":"standard","meta":{"footnotes":""},"categories":[338],"tags":[353,340,360,255],"class_list":{"0":"post-2679","1":"post","2":"type-post","3":"status-publish","4":"format-standard","5":"has-post-thumbnail","7":"category-eventi","8":"tag-barca-a-vela","9":"tag-nautica","10":"tag-regata","11":"tag-video"},"_links":{"self":[{"href":"https:\/\/www.hinelson.com\/blog\/wp-json\/wp\/v2\/posts\/2679","targetHints":{"allow":["GET"]}}],"collection":[{"href":"https:\/\/www.hinelson.com\/blog\/wp-json\/wp\/v2\/posts"}],"about":[{"href":"https:\/\/www.hinelson.com\/blog\/wp-json\/wp\/v2\/types\/post"}],"author":[{"embeddable":true,"href":"https:\/\/www.hinelson.com\/blog\/wp-json\/wp\/v2\/users\/6"}],"replies":[{"embeddable":true,"href":"https:\/\/www.hinelson.com\/blog\/wp-json\/wp\/v2\/comments?post=2679"}],"version-history":[{"count":5,"href":"https:\/\/www.hinelson.com\/blog\/wp-json\/wp\/v2\/posts\/2679\/revisions"}],"predecessor-version":[{"id":9733,"href":"https:\/\/www.hinelson.com\/blog\/wp-json\/wp\/v2\/posts\/2679\/revisions\/9733"}],"wp:featuredmedia":[{"embeddable":true,"href":"https:\/\/www.hinelson.com\/blog\/wp-json\/wp\/v2\/media\/2680"}],"wp:attachment":[{"href":"https:\/\/www.hinelson.com\/blog\/wp-json\/wp\/v2\/media?parent=2679"}],"wp:term":[{"taxonomy":"category","embeddable":true,"href":"https:\/\/www.hinelson.com\/blog\/wp-json\/wp\/v2\/categories?post=2679"},{"taxonomy":"post_tag","embeddable":true,"href":"https:\/\/www.hinelson.com\/blog\/wp-json\/wp\/v2\/tags?post=2679"}],"curies":[{"name":"wp","href":"https:\/\/api.w.org\/{rel}","templated":true}]}}