{"id":10747,"date":"2022-12-04T12:53:20","date_gmt":"2022-12-04T11:53:20","guid":{"rendered":"https:\/\/www.hinelson.com\/blog\/?p=10747"},"modified":"2022-12-04T12:53:21","modified_gmt":"2022-12-04T11:53:21","slug":"omero-moretti-un-viaggiatore-in-barca-nel-vento","status":"publish","type":"post","link":"https:\/\/www.hinelson.com\/blog\/omero-moretti-un-viaggiatore-in-barca-nel-vento\/","title":{"rendered":"Omero Moretti. Un viaggiatore in barca nel vento."},"content":{"rendered":"\n<p><strong>Omero Moretti<\/strong> \u00e8 un uomo di mare ed un viaggiatore.<br>E questo basterebbe per descriverlo, ma <a href=\"https:\/\/omeromorettivela.it\/omero-moretti\" target=\"_blank\" rel=\"noreferrer noopener\">Omero<\/a> \u00e8 una storia che va ascoltata, non raccontata.<br><br>La sua <strong>esperienza<\/strong>, i suoi <strong>viaggi<\/strong>, la sua professionalit\u00e0 di skipper e la sua immensa passione per il <strong>mare<\/strong> sono una di quelle storie che ogni velista vorrebbe ascoltare, magari in pozzetto, ormeggiati in rada al tramonto, con un buon bicchiere di vino.<\/p>\n\n\n\n<p>Nato a Carpi (Modena), classe 1951, Omero ha sempre avuto il mare nei suoi pensieri, a tal punto da decidere di chiudere la sua officina meccanica per dedicarsi completamente ad esso. Fonda la Compagnia degli Skipper Oceanici e l\u2019Associazione Skipper Professionisti, attraversa l\u2019Oceano Atlantico 39 volte, organizza crociere e scuola vela e vive 11 mesi l\u2019anno a bordo di <a href=\"https:\/\/omeromorettivela.it\/freya-barca-a-vela\" target=\"_blank\" rel=\"noreferrer noopener\">Freya<\/a>, un Sun Odyssey 51, insieme a <strong>Sara<\/strong>, che da otto anni \u00e8 la sua compagna di vita e di mare, il comandante in seconda, blogger del loro sito, video maker, segretaria, ufficio stampa. Insomma, l\u2019anima che veglia e cura Freya, ed anche Omero.<\/p>\n\n\n\n<p>Incontrarli per questa chiacchierata \u00e8 stato come fare un viaggio lungo quella rotta che loro hanno scelto per vivere il mare. Perch\u00e9 ognuno sceglie la propria.<\/p>\n\n\n\n\n\n<figure class=\"wp-block-image\"><img loading=\"lazy\" decoding=\"async\" width=\"640\" height=\"480\" src=\"https:\/\/www.hinelson.com\/blog\/wp-content\/uploads\/2022\/12\/image1.jpeg\" alt=\"HiNelson Omero Moretti viaggiatore in barca \" class=\"wp-image-10751\" srcset=\"https:\/\/www.hinelson.com\/blog\/wp-content\/uploads\/2022\/12\/image1.jpeg 640w, https:\/\/www.hinelson.com\/blog\/wp-content\/uploads\/2022\/12\/image1-300x225.jpeg 300w, https:\/\/www.hinelson.com\/blog\/wp-content\/uploads\/2022\/12\/image1-150x113.jpeg 150w, https:\/\/www.hinelson.com\/blog\/wp-content\/uploads\/2022\/12\/image1-560x420.jpeg 560w, https:\/\/www.hinelson.com\/blog\/wp-content\/uploads\/2022\/12\/image1-80x60.jpeg 80w, https:\/\/www.hinelson.com\/blog\/wp-content\/uploads\/2022\/12\/image1-265x198.jpeg 265w\" sizes=\"auto, (max-width: 640px) 100vw, 640px\" \/><\/figure>\n\n\n\n<h1 class=\"wp-block-heading\">Il viaggio in mare<\/h1>\n\n\n\n<p><strong>Omero, ti definisci pi\u00f9 un viaggiatore che un velista. Cos\u2019\u00e8 quindi il viaggio in mare per te?<\/strong><\/p>\n\n\n\n<p><strong>Omero.<\/strong> Questa \u00e8 una domanda difficile, ed anche profonda, non ci sono abituato <em>(ride)<\/em>. Chiariamo subito che non ci si sveglia una mattina e si decide di diventare viaggiatori, ma \u00e8 un percorso che richiede tempo. Perch\u00e9 partire in <strong>barca <\/strong>non \u00e8 una partenza comune e ci vuole una certa <strong>preparazione e tanta esperienza<\/strong>, anche se oggi navigare \u00e8 molto diverso da qualche anno fa. Una volta mollavi gli ormeggi senza strumenti e senza i dati meteo ed era una partenza in stile \u201csperiamo che io me la cavo\u201d. <br>Ma torniamo alla domanda. Il viaggiatore parte da un sogno, magari nato a bordo di una piccola barchetta, dove inizia la voglia di scoprire la bellezza di questo mondo. Poi questo sogno, il viaggiatore, lo trasforma in qualcosa di vero. Sai, la cosa pi\u00f9 bella di un viaggio in mare \u00e8 proprio il mare. <br>Qui ci addentriamo in un argomento molto poetico, ed anche se non sono proprio il tipo, in mare ti senti immerso in questo meraviglioso elemento e ti si \u201csmuove\u201d il cuore. <br>Ecco perch\u00e9 mi piace definirmi pi\u00f9 <strong>viaggiatore<\/strong> che velista. Perch\u00e9 anche se <strong>amo andare a vela con la mia barca<\/strong>, non dico di no al motore quando c\u2019\u00e8 poco vento. L\u2019importante \u00e8 viaggiare con questo mezzo che per me \u00e8 anche casa. Un po\u2019 come una chiocciola che si porta la sua sulle spalle.<\/p>\n\n\n\n<p><strong>Sara.<\/strong> L\u2019essere pi\u00f9 un viaggiatore che un velista \u00e8 anche legato al fatto che siamo lontani dal concetto di regatante. Omero dice sempre che una traversata \u00e8 un successo se all\u2019arrivo non abbiamo rotto niente, non se l\u2019abbiamo fatta pi\u00f9 velocemente. Per noi <strong>vivere la barca<\/strong> fa parte di una dimensione pi\u00f9 complessa ed intima che uscire per fare il bagno o fare una regata.<\/p>\n\n\n\n<p><strong>Omero. <\/strong>Inoltre, la barca non \u00e8 solo un mezzo di trasporto per me, ma \u00e8 anche un lavoro. Non a caso ho intitolato il mio libro <a href=\"https:\/\/www.amazon.it\/mestiere-del-mare-Omero-Moretti\/dp\/889802391X\/ref=sr_1_1?__mk_it_IT=%C3%85M%C3%85%C5%BD%C3%95%C3%91&amp;crid=1BA3FKSO0JMAX&amp;keywords=omero+moretti&amp;qid=1670090907&amp;s=books&amp;sprefix=omero+moretti%2Cstripbooks%2C121&amp;sr=1-1\" target=\"_blank\" rel=\"noreferrer noopener\">\u201cIl Mestiere del Mare\u201d<\/a>. Quindi, possiamo dire che per me il viaggio \u00e8 una cosa molto complessa e che vale la pena viverlo in barca.<\/p>\n\n\n\n<figure class=\"wp-block-embed is-type-video is-provider-youtube wp-block-embed-youtube wp-embed-aspect-16-9 wp-has-aspect-ratio\"><div class=\"wp-block-embed__wrapper\">\n<div class=\"youtube-embed\" data-video_id=\"Ric2vfspAng\"><iframe loading=\"lazy\" title=\"Gente di mare\" width=\"696\" height=\"392\" src=\"https:\/\/www.youtube.com\/embed\/Ric2vfspAng?feature=oembed&#038;enablejsapi=1\" frameborder=\"0\" allow=\"accelerometer; autoplay; clipboard-write; encrypted-media; gyroscope; picture-in-picture; web-share\" allowfullscreen><\/iframe><\/div>\n<\/div><\/figure>\n\n\n\n<h2 class=\"wp-block-heading\">In mare c&#8217;\u00e8 sempre spazio per imparare<\/h2>\n\n\n\n<p><strong>Il mare viene spesso definito come un maestro di vita. Dopo aver navigato per tante miglia c\u2019\u00e8 ancora spazio per imparare qualcosa di nuovo?<\/strong><\/p>\n\n\n\n<p><strong>Omero.<\/strong> Ma certo, come in tutte le cose della vita c\u2019\u00e8 sempre tempo e spazio per imparare. Siamo costantemente al 90% di esperienza con il 10% da scoprire. Ti faccio un esempio: quando programmiamo un\u2019uscita in mare speriamo sempre di trovare le condizioni perfette, ma a volte anche solo una nuvola pu\u00f2 modificare i piani, ed anche questo piccolo particolare pu\u00f2 diventare una <strong>nuova esperienza.<\/strong> Se ci pensi, succede anche quando esci di casa, e credo che in barca non si finisca mai di imparare, esattamente come nella vita di tutti i giorni. Poi \u00e8 ovvio che <strong>navigare \u00e8 una grande lezione di vita e sempre diversa<\/strong>, anche a seconda che lo si affronti in equipaggio o in solitario.<\/p>\n\n\n\n<p><strong>Sara.<\/strong> In equipaggio devi confrontarti con altre persone e capire cosa puoi o non puoi fare. Per questo Omero dice sempre che <strong>non c\u2019\u00e8 un equipaggio buono o cattivo<\/strong>, ma c\u2019\u00e8 quello a cui il Comandante ha insegnato bene o male. Ogni volta, infatti, devi capire come approcciare ed interagire con le persone affinch\u00e9 possano capire le dinamiche della navigazione e della vita a bordo.<br>Inoltre \u2013 aggiungo &#8211; che non si finisce mai di imparare anche per quanto riguarda i materiali e la tecnologia utilizzati nella nautica.<\/p>\n\n\n\n<p><strong>Omero.<\/strong> S\u00ec, giusto. Siamo in continua evoluzione anche in questo, ed \u00e8 giusto che sia cos\u00ec ed ormai non mi stupisco pi\u00f9. Forse siamo andati un po\u2019 oltre, ma il mio mestiere non \u00e8 solo quello di navigare o lavorare sulla mia barca, ma \u00e8 anche quello di dare delle risposte <em>(ride)<\/em>.<\/p>\n\n\n\n<p><strong>No, assolutamente. Sono contenta che le domande offrano diversi spunti di discussione.<\/strong><\/p>\n\n\n\n<h1 class=\"wp-block-heading\">La dimensione del vento<\/h1>\n\n\n\n<p><strong><br>Leggendo il vostro <a href=\"https:\/\/omeromorettivela.it\/il-blog\" target=\"_blank\" rel=\"noreferrer noopener\">blog<\/a> ho trovato un concetto che mi ha colpito molto. Avete parlato della dimensione del vento. Cosa significa per voi.<\/strong><\/p>\n\n\n\n<p><strong>Sara.<\/strong> E\u2019 un articolo che ho scritto in una giornata di <strong>vento forte<\/strong> nelle <strong>Bocche di Bonifacio<\/strong>, e sono situazioni che mi riportano in una dimensione che mi fa sentire a mio agio. Perch\u00e9 mi rendo conto che per gestire il vento servono esattamente quelle cose che noi sappiamo. Non \u00e8 un sentimento di rivalsa o di orgoglio, ma semplicemente un momento dove le cose tornano al loro giusto posto. A noi il vento piace tanto perch\u00e9 si crea un complesso di regole dove tutto il superfluo deve essere messo da parte.<br><strong>Omero.<\/strong> Il vento \u00e8 vita.<br><strong>Sara.<\/strong> Nel vento poi le persone fanno cadere le proprie <strong>maschere<\/strong>, soprattutto durante le situazioni che vanno fuori dagli schemi o dalla zona di confort, soprattutto quando c\u2019\u00e8 vento forte. In questo caso mostrare le proprie reazioni diventa normale e mi piace vedere come le persone reagiscono, senza nessun senso di sadismo, ovviamente. E\u2019 un momento dove <strong>si levano tutti i fronzoli<\/strong> e viene<strong> fuori la nostra verit\u00e0<\/strong>. Anche questa \u00e8 la dimensione del vento.&nbsp;<\/p>\n\n\n\n<figure class=\"wp-block-image size-full\"><img loading=\"lazy\" decoding=\"async\" width=\"640\" height=\"426\" src=\"https:\/\/www.hinelson.com\/blog\/wp-content\/uploads\/2022\/12\/Freya-a-Bequia.jpg\" alt=\"HiNelson Omero Moretti e la dimensione del vento\" class=\"wp-image-10752\" srcset=\"https:\/\/www.hinelson.com\/blog\/wp-content\/uploads\/2022\/12\/Freya-a-Bequia.jpg 640w, https:\/\/www.hinelson.com\/blog\/wp-content\/uploads\/2022\/12\/Freya-a-Bequia-300x200.jpg 300w, https:\/\/www.hinelson.com\/blog\/wp-content\/uploads\/2022\/12\/Freya-a-Bequia-150x100.jpg 150w, https:\/\/www.hinelson.com\/blog\/wp-content\/uploads\/2022\/12\/Freya-a-Bequia-631x420.jpg 631w\" sizes=\"auto, (max-width: 640px) 100vw, 640px\" \/><\/figure>\n\n\n\n<h1 class=\"wp-block-heading\">E&#8217; difficile scendere a terra?<\/h1>\n\n\n\n<p><strong>Omero.<\/strong> Vivendo a bordo la maggior parte dell\u2019anno, per me scendere a terra <strong>non \u00e8 difficile<\/strong>, perch\u00e9 poi torno subito in barca.<br><strong>Sara.<\/strong> Non \u00e8 la domanda giusta per Omero, perch\u00e9 per sua visione<strong> lui \u00e8 come se fosse sempre in mare<\/strong>.<br><strong>Omero<\/strong>. Esatto, \u00e8 la mia visione. Comunque, io amo navigare come pure scendere a terra ed esplorare i luoghi, fare colazione, l\u2019aperitivo o la spesa.<br><strong>Sara.<\/strong> Anche questo fa parte della nostra concezione di viaggio.<\/p>\n\n\n\n<h1 class=\"wp-block-heading\"><strong>Avete navigato in diversi mari, ognuno dei quali ha il suo microcosmo, le sue abitudini, il suo carattere. A quale mare vi paragonereste?<\/strong><\/h1>\n\n\n\n<p><strong>Sara.<\/strong> Io, sicuramente al <strong>Mediterraneo<\/strong>: matto e turbolento quando ci sono le perturbazioni, per poi diventare calmo e tranquillo.<br><strong>Omero.<\/strong> Non \u00e8 una domanda semplice.<br><strong>Sara.<\/strong> Non \u00e8 vero. Tu sei l\u2019Atlantico con i suoi alisei costanti e regolari. Sono io la pi\u00f9 agitata <em>(ridono)<\/em>.<br><strong>Omero.<\/strong> Si, hai ragione. Io sono<strong> l\u2019Oceano Atlantico<\/strong> perch\u00e9 \u00e8 l\u00ec che si naviga veramente a vela.<br><br><\/p>\n\n\n\n<p>La nostra chiacchierata \u00e8 stata lunga e ricca di tanti spunti e belle visioni sul mare che Omero e Sara mi hanno presentano attraverso i loro sorrisi, le battute, i battibecchi e la semplicit\u00e0 di chi, in quel mare, ha trovato la giusta dimensione. <br>Non solo la dimensione romantica del vivere in barca, ma anche quella professionale ed \u00e8 forse proprio questo il loro grande valore aggiunto. <br>Hanno saputo unire in modo perfetto la passione per il mare con il lavoro, per offrire a chi sale in barca con loro una visione del mare capace di emozionare e di arricchire di esperienza.<\/p>\n","protected":false},"excerpt":{"rendered":"<p>Omero Moretti \u00e8 un uomo di mare ed un viaggiatore.E questo basterebbe per descriverlo, ma Omero \u00e8 una storia che va ascoltata, non raccontata. La sua esperienza, i suoi viaggi, la sua professionalit\u00e0 di skipper e la sua immensa passione per il mare sono una di quelle storie che ogni velista vorrebbe ascoltare, magari in [&hellip;]<\/p>\n","protected":false},"author":6,"featured_media":10748,"comment_status":"open","ping_status":"open","sticky":false,"template":"","format":"standard","meta":{"footnotes":""},"categories":[337],"tags":[353,340],"class_list":{"0":"post-10747","1":"post","2":"type-post","3":"status-publish","4":"format-standard","5":"has-post-thumbnail","7":"category-lifestyle","8":"tag-barca-a-vela","9":"tag-nautica"},"_links":{"self":[{"href":"https:\/\/www.hinelson.com\/blog\/wp-json\/wp\/v2\/posts\/10747","targetHints":{"allow":["GET"]}}],"collection":[{"href":"https:\/\/www.hinelson.com\/blog\/wp-json\/wp\/v2\/posts"}],"about":[{"href":"https:\/\/www.hinelson.com\/blog\/wp-json\/wp\/v2\/types\/post"}],"author":[{"embeddable":true,"href":"https:\/\/www.hinelson.com\/blog\/wp-json\/wp\/v2\/users\/6"}],"replies":[{"embeddable":true,"href":"https:\/\/www.hinelson.com\/blog\/wp-json\/wp\/v2\/comments?post=10747"}],"version-history":[{"count":9,"href":"https:\/\/www.hinelson.com\/blog\/wp-json\/wp\/v2\/posts\/10747\/revisions"}],"predecessor-version":[{"id":10898,"href":"https:\/\/www.hinelson.com\/blog\/wp-json\/wp\/v2\/posts\/10747\/revisions\/10898"}],"wp:featuredmedia":[{"embeddable":true,"href":"https:\/\/www.hinelson.com\/blog\/wp-json\/wp\/v2\/media\/10748"}],"wp:attachment":[{"href":"https:\/\/www.hinelson.com\/blog\/wp-json\/wp\/v2\/media?parent=10747"}],"wp:term":[{"taxonomy":"category","embeddable":true,"href":"https:\/\/www.hinelson.com\/blog\/wp-json\/wp\/v2\/categories?post=10747"},{"taxonomy":"post_tag","embeddable":true,"href":"https:\/\/www.hinelson.com\/blog\/wp-json\/wp\/v2\/tags?post=10747"}],"curies":[{"name":"wp","href":"https:\/\/api.w.org\/{rel}","templated":true}]}}